{"id":3424,"date":"2025-05-28T21:58:48","date_gmt":"2025-05-28T21:58:48","guid":{"rendered":"https:\/\/visitporchesalgarve.com\/2025\/05\/28\/les-plus-belles-plages-praias-a-porches-algarve\/"},"modified":"2026-01-16T16:38:06","modified_gmt":"2026-01-16T16:38:06","slug":"les-plus-belles-plages-praias-a-porches-algarve","status":"publish","type":"post","link":"https:\/\/visitporchesalgarve.com\/fr\/2025\/05\/28\/les-plus-belles-plages-praias-a-porches-algarve\/","title":{"rendered":"Les plus belles plages &#8211; Praias &#8211; \u00e0 Porches | Algarve"},"content":{"rendered":"\n<h5 class=\"wp-block-heading\"><strong>1 &#8211; Praia dos Beijinhos \u2013 Comment s&rsquo;y rendre \u2013 Allez \u00e0 Aldeamento do Levante. La plage se trouve juste en face. <\/strong><\/h5>\n\n<p><strong><a rel=\"noreferrer noopener\" href=\"https:\/\/swiy.io\/visitporchesalgarve-praiadosbeijinhos\" target=\"_blank\">Emplacement<\/a><\/strong><\/p>\n\n<figure class=\"wp-block-image size-large\"><img decoding=\"async\" src=\"https:\/\/visitporchesalgarve.com\/wp-content\/uploads\/2021\/11\/beijinhos.porchesalgarve1.jpg\" alt=\"\" class=\"wp-image-4293\"\/><figcaption class=\"wp-element-caption\">Plage &#8211; Praia dos Beijinhos<\/figcaption><\/figure>\n\n<h5 class=\"wp-block-heading\"><strong>2 &#8211; Praia da Cova Redonda \u2013 \u00c0 une minute \u00e0 pied du restaurant Grill Palmeiras, en direction du nord,<br\/>se trouvent les escaliers qui donnent acc\u00e8s \u00e0 la plage de Cova Redonda.<\/strong><\/h5>\n\n<p><strong><a rel=\"noreferrer noopener\" href=\"https:\/\/swiy.io\/visitporchesalgarve-praiadosbeijinhos\" target=\"_blank\">Emplacement<\/a><\/strong><\/p>\n\n<figure class=\"wp-block-image size-large\"><img decoding=\"async\" src=\"https:\/\/visitporchesalgarve.com\/wp-content\/uploads\/2021\/11\/cova-redonda.jpg\" alt=\"\" class=\"wp-image-4294\"\/><figcaption class=\"wp-element-caption\">Plage &#8211; Praia da Cova Redonda<\/figcaption><\/figure>\n\n<h5 class=\"wp-block-heading\"><strong>3 &#8211; Praia da Senhora da Rocha \u2013 Situ\u00e9e \u00e0 l&rsquo;est de la chapelle de Senhora da Rocha. Donne acc\u00e8s \u00e0 la<br\/>plage de Nova Beach par un tunnel creus\u00e9 par des p\u00eacheurs il y a plusieurs d\u00e9cennies. <\/strong><\/h5>\n\n<p><strong><a rel=\"noreferrer noopener\" href=\"https:\/\/swiy.io\/visitporchesalgarve-praiadasenhoradarocha\" target=\"_blank\">Emplacement<\/a><\/strong><\/p>\n\n<figure class=\"wp-block-gallery has-nested-images columns-default is-cropped wp-block-gallery-1 is-layout-flex wp-block-gallery-is-layout-flex\">\n<figure class=\"wp-block-image size-large\"><img decoding=\"async\" data-id=\"4296\" src=\"https:\/\/visitporchesalgarve.com\/wp-content\/uploads\/2021\/11\/senhora-da-rocha-1.jpg\" alt=\"Plage Praia Senhora da Rocha\" class=\"wp-image-4296\"\/><\/figure>\n\n\n\n<figure class=\"wp-block-image size-large\"><img decoding=\"async\" data-id=\"4297\" src=\"https:\/\/visitporchesalgarve.com\/wp-content\/uploads\/2021\/11\/tunel-senhora-da-rocha-algarve-porches.jpg\" alt=\"Tunnel Senhora da Rocha Algarve Porches\" class=\"wp-image-4297\"\/><\/figure>\n\n\n\n<figure class=\"wp-block-image size-large\"><img decoding=\"async\" data-id=\"4298\" src=\"https:\/\/visitporchesalgarve.com\/wp-content\/uploads\/2021\/11\/tunel-senhora-da-rocha-algarve-portugal.jpg\" alt=\"Tunnel Senhora da Rocha Algarve Porches\" class=\"wp-image-4298\"\/><\/figure>\n<\/figure>\n\n<h5 class=\"wp-block-heading\"><strong>4 &#8211; Praia Nova &#8211; Situ\u00e9e \u00e0 l&rsquo;ouest de la chapelle de Senhora da Rocha. On y acc\u00e8de par des escaliers sur la falaise en face du complexe touristique Vila Senhora da Rocha ou par Praia da Senhora da Rocha \u00e0 travers le tunnel creus\u00e9 par les p\u00eacheurs. <\/strong><\/h5>\n\n<p><strong><a rel=\"noreferrer noopener\" href=\"https:\/\/swiy.io\/visitporchesalgarve-praianova\" target=\"_blank\">Emplacement<\/a><\/strong><\/p>\n\n<figure class=\"wp-block-image size-large\"><img decoding=\"async\" src=\"https:\/\/visitporchesalgarve.com\/wp-content\/uploads\/2021\/11\/praia-nova-beach.jpg\" alt=\"\" class=\"wp-image-4299\"\/><figcaption class=\"wp-element-caption\">Plage &#8211; Praia Nova<\/figcaption><\/figure>\n\n<h5 class=\"wp-block-heading\"><strong>5 &#8211; Praia das Fontainhas \u2013 La derni\u00e8re partie de l&rsquo;acc\u00e8s se fait par un chemin de terre. Une fois arriv\u00e9, l&rsquo;acc\u00e8s \u00e0 la plage se fait par des marches creus\u00e9es dans la falaise. Peut ne pas \u00eatre recommand\u00e9 pour les personnes \u00e0 mobilit\u00e9 r\u00e9duite.  <\/strong><\/h5>\n\n<p><strong><a rel=\"noreferrer noopener\" href=\"https:\/\/swiy.io\/visitporchesalgarve-praiadasfontainhas\" target=\"_blank\">Emplacement<\/a><\/strong><\/p>\n\n<figure class=\"wp-block-image size-large\"><img decoding=\"async\" src=\"https:\/\/visitporchesalgarve.com\/wp-content\/uploads\/2021\/11\/fontainhas-beach-algarve.jpg\" alt=\"\" class=\"wp-image-4300\"\/><figcaption class=\"wp-element-caption\">Plage des Fontainhas<\/figcaption><\/figure>\n\n<h5 class=\"wp-block-heading\"><strong>6 &#8211; Praia de Albandeira \u2013 Pr\u00e8s de Praia das Fontainhas. La derni\u00e8re partie de l&rsquo;acc\u00e8s se fait par un chemin de terre. Stationnement facile avec acc\u00e8s facile \u00e0 la plage. \u00c0 trois minutes \u00e0 pied vers l&rsquo;ouest se trouve le c\u00e9l\u00e8bre Arc de Triomphe sur les falaises de Porches.  <\/strong><\/h5>\n\n<p><strong><a rel=\"noreferrer noopener\" href=\"https:\/\/swiy.io\/visitporchesalgarve-praiadealbandeira\" target=\"_blank\">Emplacement<\/a><\/strong><\/p>\n\n<figure class=\"wp-block-image size-large\"><img decoding=\"async\" src=\"https:\/\/visitporchesalgarve.com\/wp-content\/uploads\/2021\/11\/albandeira-beach-algarve.jpg\" alt=\"Plage Praia da Albandeira\" class=\"wp-image-4291\"\/><figcaption class=\"wp-element-caption\">Plage | Praia de Albandeira<\/figcaption><\/figure>\n\n<h4 class=\"wp-block-heading\"><strong>Les plages de Porches<\/strong><br\/><\/h4>\n\n<p>Praia do Vale do Olival<br\/>Praia dos Beijinhos<br\/>Praia dos Abracinhos<br\/>Praia dos Tremo\u00e7os<br\/>Praia da Cova Redonda<br\/>Praia do Cavalo<br\/>Praia da Senhora da Rocha<br\/>Praia Nova<br\/>Praia do Barranco<br\/>Praia do Pontal<br\/>Praia da Morena<br\/>Praia das Fontainhas<br\/>Praia de Albandeira<\/p>\n","protected":false},"excerpt":{"rendered":"<p>1 &#8211; Praia dos Beijinhos \u2013 Comment s&rsquo;y rendre \u2013 Allez \u00e0 Aldeamento do Levante. La plage se trouve juste en face. Emplacement 2 &#8211; Praia da Cova Redonda \u2013 \u00c0 une minute \u00e0 pied du restaurant Grill Palmeiras, en direction du nord,se trouvent les escaliers qui donnent acc\u00e8s \u00e0 la plage de Cova Redonda. [&hellip;]<\/p>\n","protected":false},"author":1,"featured_media":3425,"comment_status":"open","ping_status":"open","sticky":false,"template":"","format":"standard","meta":{"footnotes":""},"categories":[9],"tags":[],"class_list":["post-3424","post","type-post","status-publish","format-standard","has-post-thumbnail","hentry","category-non-categorise"],"_links":{"self":[{"href":"https:\/\/visitporchesalgarve.com\/fr\/wp-json\/wp\/v2\/posts\/3424","targetHints":{"allow":["GET"]}}],"collection":[{"href":"https:\/\/visitporchesalgarve.com\/fr\/wp-json\/wp\/v2\/posts"}],"about":[{"href":"https:\/\/visitporchesalgarve.com\/fr\/wp-json\/wp\/v2\/types\/post"}],"author":[{"embeddable":true,"href":"https:\/\/visitporchesalgarve.com\/fr\/wp-json\/wp\/v2\/users\/1"}],"replies":[{"embeddable":true,"href":"https:\/\/visitporchesalgarve.com\/fr\/wp-json\/wp\/v2\/comments?post=3424"}],"version-history":[{"count":1,"href":"https:\/\/visitporchesalgarve.com\/fr\/wp-json\/wp\/v2\/posts\/3424\/revisions"}],"predecessor-version":[{"id":3426,"href":"https:\/\/visitporchesalgarve.com\/fr\/wp-json\/wp\/v2\/posts\/3424\/revisions\/3426"}],"wp:featuredmedia":[{"embeddable":true,"href":"https:\/\/visitporchesalgarve.com\/fr\/wp-json\/wp\/v2\/media\/3425"}],"wp:attachment":[{"href":"https:\/\/visitporchesalgarve.com\/fr\/wp-json\/wp\/v2\/media?parent=3424"}],"wp:term":[{"taxonomy":"category","embeddable":true,"href":"https:\/\/visitporchesalgarve.com\/fr\/wp-json\/wp\/v2\/categories?post=3424"},{"taxonomy":"post_tag","embeddable":true,"href":"https:\/\/visitporchesalgarve.com\/fr\/wp-json\/wp\/v2\/tags?post=3424"}],"curies":[{"name":"wp","href":"https:\/\/api.w.org\/{rel}","templated":true}]}}